{"id":3083,"date":"2025-12-17T14:23:52","date_gmt":"2025-12-17T14:23:52","guid":{"rendered":"https:\/\/www.feministtahayyul.com\/?p=3083"},"modified":"2025-12-18T13:47:55","modified_gmt":"2025-12-18T13:47:55","slug":"ii-feminist-tahayyul-dergisi-konferansi","status":"publish","type":"post","link":"https:\/\/www.feministtahayyul.com\/?p=3083","title":{"rendered":"II. Feminist Tahayy\u00fcl Dergisi Konferans\u0131"},"content":{"rendered":"\n<p><em>Feminist Tahayy\u00fcl<\/em> ele\u015ftirel d\u00fc\u015f\u00fcncenin a\u00e7t\u0131\u011f\u0131 ufuklar \u00fczerine konu\u015faca\u011f\u0131m\u0131z konferans\u0131 i\u00e7in sunum \u00f6zetlerinizi bekliyor!<\/p>\n\n\n\n<p>Y\u00fcz y\u00fcze geldi\u011fimiz alanlar\u0131 bir \u201cihtiya\u00e7\u201d olarak g\u00f6r\u00fcyoruz ve yaz\u0131l\u0131 \u00fcretimlerin heyecan\u0131ndan beslenerek beraber konu\u015fma imk\u00e2n\u0131 olu\u015fturmaya \u00e7al\u0131\u015f\u0131yoruz. Seminerlerimiz ve panellerimiz devam ederken, ikinci konferans i\u00e7in haz\u0131rl\u0131klara ba\u015flad\u0131k!&nbsp;<\/p>\n\n\n\n<p>11 Nisan 2026 Cumartesi g\u00fcn\u00fc Ankara\u2019da ger\u00e7ekle\u015fecek olan bu bulu\u015fma i\u00e7in feminist ve queer teoriden beslenen tart\u0131\u015fmalara dair \u00f6zetlerinizi <a href=\"https:\/\/docs.google.com\/forms\/d\/e\/1FAIpQLSdDDtDcWYguYvBPXUy6BPIHZr29HxOFKJBHjs3I3Uzq12aZOQ\/viewform\">\u015fu formu<\/a> doldurarak g\u00f6nderebilirsiniz. \u00d6zetlerinizi <strong>30 Ocak 2026 <\/strong>tarihine kadar bekliyoruz.<\/p>\n\n\n\n<p>Sorular\u0131n\u0131z\u0131 ftdergikonferans@gmail.com adresine iletebilirsiniz.<\/p>\n\n\n\n<p><strong>Sunum \u00d6zeti De\u011ferlendirme Kriterleri:<\/strong><\/p>\n\n\n\n<p>De\u011ferlendirmeler (1) konunun ele al\u0131n\u0131\u015f bi\u00e7iminin ve ara\u015ft\u0131rma sorular\u0131n\u0131n orijinalli\u011fi, (2) teorik\/metodolojik tutarl\u0131l\u0131k ve (3) i\u00e7eri\u011fin netli\u011fi \u00fczerinden yap\u0131lacakt\u0131r.<\/p>\n\n\n\n<p>Konferans, atama-y\u00fckseltme ve te\u015fvik kriterlerine uygun \u015fekilde tasarlanmam\u0131\u015ft\u0131r. Amac\u0131m\u0131z feminist ara\u015ft\u0131rmalar \u00fczerine feminist \u00f6zenle yap\u0131lacak derinlemesine tart\u0131\u015fmalar i\u00e7in kar\u015f\u0131la\u015fma imk\u00e2n\u0131 olu\u015fturmakt\u0131r.<\/p>\n\n\n\n<p>Akademinin entelekt\u00fcel ve politik bir faaliyet olmaktan gittik\u00e7e uzakla\u015farak, atama ve y\u00fckseltme kriterlerine g\u00f6re \u015fekillenen bir \u201cetkinli\u011fe\u201d d\u00f6n\u00fc\u015ft\u00fc\u011f\u00fc bir d\u00f6nemde yay\u0131n hayat\u0131na ba\u015flayan Feminist Tahayy\u00fcl\u2019\u00fcn var olmas\u0131n\u0131 sa\u011flayan yazarlar\u0131m\u0131z, hakemlerimiz ve okurlar\u0131m\u0131zla bulu\u015fmay\u0131 sab\u0131rs\u0131zl\u0131kla bekliyoruz.<\/p>\n\n\n\n<p><strong>A\u00e7\u0131l\u0131\u015f Oturumu Konu\u015fmac\u0131lar\u0131:<\/strong><\/p>\n\n\n\n<p>Fatmag\u00fcl Berktay<br>Meltem Ah\u0131ska<br>Sibel Yard\u0131mc\u0131<\/p>\n","protected":false},"excerpt":{"rendered":"<p>Feminist Tahayy\u00fcl ele\u015ftirel d\u00fc\u015f\u00fcncenin a\u00e7t\u0131\u011f\u0131 ufuklar \u00fczerine konu\u015faca\u011f\u0131m\u0131z konferans\u0131 i\u00e7in sunum \u00f6zetlerinizi bekliyor! Y\u00fcz y\u00fcze geldi\u011fimiz alanlar\u0131 bir \u201cihtiya\u00e7\u201d olarak g\u00f6r\u00fcyoruz ve yaz\u0131l\u0131 \u00fcretimlerin heyecan\u0131ndan &hellip; <\/p>\n","protected":false},"author":1,"featured_media":0,"comment_status":"closed","ping_status":"closed","sticky":false,"template":"","format":"standard","meta":{"_jetpack_memberships_contains_paid_content":false,"footnotes":""},"categories":[1],"tags":[],"class_list":["post-3083","post","type-post","status-publish","format-standard","hentry","category-uncategorized"],"jetpack_sharing_enabled":true,"jetpack_featured_media_url":"","_links":{"self":[{"href":"https:\/\/www.feministtahayyul.com\/index.php?rest_route=\/wp\/v2\/posts\/3083","targetHints":{"allow":["GET"]}}],"collection":[{"href":"https:\/\/www.feministtahayyul.com\/index.php?rest_route=\/wp\/v2\/posts"}],"about":[{"href":"https:\/\/www.feministtahayyul.com\/index.php?rest_route=\/wp\/v2\/types\/post"}],"author":[{"embeddable":true,"href":"https:\/\/www.feministtahayyul.com\/index.php?rest_route=\/wp\/v2\/users\/1"}],"replies":[{"embeddable":true,"href":"https:\/\/www.feministtahayyul.com\/index.php?rest_route=%2Fwp%2Fv2%2Fcomments&post=3083"}],"version-history":[{"count":5,"href":"https:\/\/www.feministtahayyul.com\/index.php?rest_route=\/wp\/v2\/posts\/3083\/revisions"}],"predecessor-version":[{"id":3097,"href":"https:\/\/www.feministtahayyul.com\/index.php?rest_route=\/wp\/v2\/posts\/3083\/revisions\/3097"}],"wp:attachment":[{"href":"https:\/\/www.feministtahayyul.com\/index.php?rest_route=%2Fwp%2Fv2%2Fmedia&parent=3083"}],"wp:term":[{"taxonomy":"category","embeddable":true,"href":"https:\/\/www.feministtahayyul.com\/index.php?rest_route=%2Fwp%2Fv2%2Fcategories&post=3083"},{"taxonomy":"post_tag","embeddable":true,"href":"https:\/\/www.feministtahayyul.com\/index.php?rest_route=%2Fwp%2Fv2%2Ftags&post=3083"}],"curies":[{"name":"wp","href":"https:\/\/api.w.org\/{rel}","templated":true}]}}